{"id":204,"date":"2023-10-29T09:26:05","date_gmt":"2023-10-29T08:26:05","guid":{"rendered":"https:\/\/degrowth.no\/?p=204"},"modified":"2024-10-13T17:27:11","modified_gmt":"2024-10-13T16:27:11","slug":"holbergprisen-til-joan-martinez-alier","status":"publish","type":"post","link":"https:\/\/vekstfri.no\/index.php\/2023\/10\/29\/holbergprisen-til-joan-martinez-alier\/","title":{"rendered":"Holbergprisen til Joan Martinez-Alier"},"content":{"rendered":"\n<p>En <a href=\"https:\/\/www.panoramanyheter.no\/holbergprisen-klima-og-miljo-okonomi\/verdsetter-de-fattiges-miljovern-holbergprisen-til-joan-martinez-alier\/337671\">god introduksjon<\/a> til vinner av Holbergprisen 2023, Joan Martinez-Alier, skrevet av Tor Arve Benjaminsen, professor ved NMBU.  <\/p>\n\n\n\n<p>Martinez-Aliers forskning har  bidratt til \u00e5 \u00f8ke kunnskapen om hvordan et m\u00f8nster av tapere og vinnere i milj\u00f8konflikter  er for\u00e5rsaket av et dominerende \u00f8konomisk system basert p\u00e5 evig \u00f8konomisk vekst. <\/p>\n\n\n\n<p>Martinez-Alier har ogs\u00e5 v\u00e6rt en pioner innen bevegelsen for \u00abdegrowth\u00bb (\u00abvekstfrihet\u00bb), som startet i Frankrike p\u00e5 1970-tallet og som lenge har v\u00e6rt mye diskutert blant milj\u00f8bevisste i S\u00f8r-Europa, og som n\u00e5 ogs\u00e5 er i ferd med \u00e5 spre seg til land lenger nord.<\/p>\n\n\n\n<p>Degrowth-bevegelsen stiller sp\u00f8rsm\u00e5l ved produksjons- og forbruksm\u00f8nstre i det globale nord og hevder at det er naivt eller utopisk \u00e5 tro at vekst i produksjon og forbruk kan fortsette i det uendelige uten alvorlige konsekvenser for samfunn, milj\u00f8 og klima.<\/p>\n","protected":false},"excerpt":{"rendered":"<p>En god introduksjon til vinner av Holbergprisen 2023, Joan Martinez-Alier, skrevet av Tor Arve Benjaminsen, professor ved NMBU. Martinez-Aliers forskning har bidratt til \u00e5 \u00f8ke kunnskapen om hvordan et m\u00f8nster av tapere og vinnere i milj\u00f8konflikter er for\u00e5rsaket av et dominerende \u00f8konomisk system basert p\u00e5 evig \u00f8konomisk vekst. Martinez-Alier har ogs\u00e5 v\u00e6rt en pioner innen [&hellip;]<\/p>\n","protected":false},"author":3,"featured_media":378,"comment_status":"closed","ping_status":"closed","sticky":false,"template":"","format":"standard","meta":{"_themeisle_gutenberg_block_has_review":false,"footnotes":""},"categories":[14],"tags":[17,16,18],"class_list":["post-204","post","type-post","status-publish","format-standard","has-post-thumbnail","hentry","category-posts","tag-joan-martinez-alier","tag-okologisk-okonomi","tag-rettferdighet"],"_links":{"self":[{"href":"https:\/\/vekstfri.no\/index.php\/wp-json\/wp\/v2\/posts\/204","targetHints":{"allow":["GET"]}}],"collection":[{"href":"https:\/\/vekstfri.no\/index.php\/wp-json\/wp\/v2\/posts"}],"about":[{"href":"https:\/\/vekstfri.no\/index.php\/wp-json\/wp\/v2\/types\/post"}],"author":[{"embeddable":true,"href":"https:\/\/vekstfri.no\/index.php\/wp-json\/wp\/v2\/users\/3"}],"replies":[{"embeddable":true,"href":"https:\/\/vekstfri.no\/index.php\/wp-json\/wp\/v2\/comments?post=204"}],"version-history":[{"count":2,"href":"https:\/\/vekstfri.no\/index.php\/wp-json\/wp\/v2\/posts\/204\/revisions"}],"predecessor-version":[{"id":267,"href":"https:\/\/vekstfri.no\/index.php\/wp-json\/wp\/v2\/posts\/204\/revisions\/267"}],"wp:featuredmedia":[{"embeddable":true,"href":"https:\/\/vekstfri.no\/index.php\/wp-json\/wp\/v2\/media\/378"}],"wp:attachment":[{"href":"https:\/\/vekstfri.no\/index.php\/wp-json\/wp\/v2\/media?parent=204"}],"wp:term":[{"taxonomy":"category","embeddable":true,"href":"https:\/\/vekstfri.no\/index.php\/wp-json\/wp\/v2\/categories?post=204"},{"taxonomy":"post_tag","embeddable":true,"href":"https:\/\/vekstfri.no\/index.php\/wp-json\/wp\/v2\/tags?post=204"}],"curies":[{"name":"wp","href":"https:\/\/api.w.org\/{rel}","templated":true}]}}